{"id":8259,"date":"2021-11-10T08:08:33","date_gmt":"2021-11-10T14:08:33","guid":{"rendered":"https:\/\/ecosistemas.com.gt\/?p=8259"},"modified":"2021-11-10T08:08:52","modified_gmt":"2021-11-10T14:08:52","slug":"quedarnos-sin-agua","status":"publish","type":"post","link":"https:\/\/ecosistemas.com.gt\/en\/quedarnos-sin-agua\/","title":{"rendered":"Quedarnos sin agua"},"content":{"rendered":"<p align=\"center\"><strong>Ana Lucia Argueta Samayoa<\/strong><\/p>\n<p align=\"center\"><strong>Laboratorio Ecosistemas Proyectos Ambientales.<\/strong><\/p>\n<p style=\"text-align: justify\">Recientemente me enter\u00e9 de un pozo de agua que de pronto, dej\u00f3 de funcionar: la bomba sumergible se quem\u00f3. Al indagar, los expertos, nos dicen que el nivel de agua baj\u00f3 y ello provoc\u00f3 la falla.<\/p>\n<p style=\"text-align: justify\">Nos informaron que el pozo fue perforado hace unos 15 a\u00f1os, con una profundidad de 1000 pies y en ese entonces la bomba la dejaron a 450 pies. En 2017 y 2019 se debieron introducir mas tubos para bajar la bomba seg\u00fan el nuevo nivel del agua y garantizar el abastecimiento.<\/p>\n<p style=\"text-align: justify\">Este a\u00f1o, 2021, hubo que bajar esa tuber\u00eda a 850 pies para poder obtener agua. La vida \u00fatil del pozo cuando se perfor\u00f3 fue estimada en 30 a\u00f1os, sin embargo, hoy a la mitad de esos a\u00f1os nos encontramos con que el dato, es incierto y seguramente el pron\u00f3stico de vida \u00fatil ser\u00e1 mucho menor. Y \u00bfqu\u00e9 haremos entonces? \u00bfPerforar otro? Y \u2026 \u00bfel costo? Y \u00bfvamos a encontrar agua? \u00bfTendremos que abastecernos con agua de cisternas de mala calidad? Nos quedamos sin agua.<\/p>\n<p style=\"text-align: justify\">En los alrededores de este pozo se han construido desde el momento de su perforaci\u00f3n muchas mas urbanizaciones que requieren agua y seguramente se han perforado nuevos pozos que se abastecen del mismo acu\u00edfero.<\/p>\n<p style=\"text-align: justify\">A la fecha, nuestro pa\u00eds sigue sin contar con una Ley de Aguas o alg\u00fan reglamento que permita llevar un control sobre el uso y explotaci\u00f3n del agua subterr\u00e1nea.<\/p>\n<p><img loading=\"lazy\" decoding=\"async\" class=\"aligncenter size-full wp-image-8248\" src=\"https:\/\/ecosistemas.com.gt\/wp-content\/uploads\/2021\/09\/Agua02-1600px.jpg\" alt=\"\" width=\"1600\" height=\"1064\" srcset=\"https:\/\/ecosistemas.com.gt\/wp-content\/uploads\/2021\/09\/Agua02-1600px.jpg 1600w, https:\/\/ecosistemas.com.gt\/wp-content\/uploads\/2021\/09\/Agua02-1600px-768x511.jpg 768w, https:\/\/ecosistemas.com.gt\/wp-content\/uploads\/2021\/09\/Agua02-1600px-1536x1021.jpg 1536w, https:\/\/ecosistemas.com.gt\/wp-content\/uploads\/2021\/09\/Agua02-1600px-110x73.jpg 110w, https:\/\/ecosistemas.com.gt\/wp-content\/uploads\/2021\/09\/Agua02-1600px-585x389.jpg 585w, https:\/\/ecosistemas.com.gt\/wp-content\/uploads\/2021\/09\/Agua02-1600px-1110x738.jpg 1110w, https:\/\/ecosistemas.com.gt\/wp-content\/uploads\/2021\/09\/Agua02-1600px-100x67.jpg 100w\" sizes=\"auto, (max-width: 1600px) 100vw, 1600px\" \/><\/p>\n<p><strong>La realidad es que los tiempos se acortan para todos, el agua se acaba para todos.<\/strong><\/p>\n<p style=\"text-align: justify\">Refiri\u00e9ndose al \u00e1rea metropolitana de la ciudad de Guatemala, nos encontramos con esta informaci\u00f3n: La perforaci\u00f3n de pozos a todo nivel, tanto en lo p\u00fablico, privado y domiciliar en forma constante y sin mayor regulaci\u00f3n, es parte de la problem\u00e1tica que genera mayor preocupaci\u00f3n entre los especialistas en el manejo de este recurso. Se estima que el 50 por ciento de la poblaci\u00f3n en esta zona se abastece de agua subterr\u00e1nea. (1)<\/p>\n<p style=\"text-align: justify\">Nuestra ciudad y los municipios aleda\u00f1os enfrentan un crecimiento que se desarrolla de forma desordenada, llevando asfalto y concreto y a su vez eliminando zonas de recarga de acu\u00edferos.<\/p>\n<p style=\"text-align: justify\">En estos momentos estamos gastando m\u00e1s agua de la que podemos dejar recargar para los acu\u00edferos que alimentan los pozos.<\/p>\n<p style=\"text-align: justify\">La falta de educaci\u00f3n nos aporta la contaminaci\u00f3n hacia las fuentes de agua superficiales que alguna vez fueron los principales abastecimientos de agua para las ciudades, para la nuestra ya no es posible, son r\u00edos con una alta contaminaci\u00f3n.<\/p>\n<p style=\"text-align: justify\">Y a prop\u00f3sito de agua, el 28 de mayo de 2021 vimos como una lluvia fuerte hizo colapsar muchas de las v\u00edas en la ciudad de Guatemala. Fue impactante observar un paso a desnivel en el cual qued\u00f3 atrapado un bus de transporte. Hab\u00eda pasajeros sobre el techo del bus pidiendo auxilio. Vemos un volumen de agua que no recargar\u00e1 ning\u00fan acu\u00edfero sino que se conducir\u00e1 junto a las aguas residuales de la ciudad.<\/p>\n<figure id=\"attachment_8251\" aria-describedby=\"caption-attachment-8251\" style=\"width: 1024px\" class=\"wp-caption aligncenter\"><img loading=\"lazy\" decoding=\"async\" class=\"size-full wp-image-8251\" src=\"https:\/\/ecosistemas.com.gt\/wp-content\/uploads\/2021\/09\/Agua03.jpg\" alt=\"\" width=\"1024\" height=\"576\" srcset=\"https:\/\/ecosistemas.com.gt\/wp-content\/uploads\/2021\/09\/Agua03.jpg 1024w, https:\/\/ecosistemas.com.gt\/wp-content\/uploads\/2021\/09\/Agua03-768x432.jpg 768w, https:\/\/ecosistemas.com.gt\/wp-content\/uploads\/2021\/09\/Agua03-585x329.jpg 585w, https:\/\/ecosistemas.com.gt\/wp-content\/uploads\/2021\/09\/Agua03-100x56.jpg 100w\" sizes=\"auto, (max-width: 1024px) 100vw, 1024px\" \/><figcaption id=\"caption-attachment-8251\" class=\"wp-caption-text\">Bus varado por lluvia en paso a desnivel Ciudad de Guatemala. Mayo 28. 2021.<br \/>Fuente: elPeriodico digital<\/figcaption><\/figure>\n<p style=\"text-align: justify\">Y buscando excusas decimos: es que no se planific\u00f3, es que la gente tira la basura en los tragantes, es que no se aprovecha el agua de lluvia, es que\u2026 La realidad: tenemos muchas excusas, pero pocas propuestas serias y menos acciones.<\/p>\n<p style=\"text-align: justify\">Por el momento podemos insistir en la necesidad de una ley de aguas apropiada a nuestro pa\u00eds.<\/p>\n<p style=\"text-align: justify\">Buscar el ahorro del agua a todo nivel, en nuestros lugares de trabajo, en nuestros hogares.<\/p>\n<p style=\"text-align: justify\">Incentivar y abogar por la reforestaci\u00f3n.<\/p>\n<p style=\"text-align: justify\">El uso de agua de lluvia es un recurso que podemos tambi\u00e9n priorizar, existen estudios que pueden ayudarnos para llevar a cabo proyectos de este tipo. Vemos que en nuestra ciudad actualmente las lluvias torrenciales aportan un volumen de agua apreciable el cual no se est\u00e1 aprovechando.<\/p>\n<p style=\"text-align: justify\">Bien haremos en hacer que las nuevas generaciones se les eduque para que sean conscientes que el agua es un recurso limitado en el mundo y su cuidado.<\/p>\n<p style=\"text-align: justify\">Esta pandemia en la que a\u00fan vivimos nos ha ense\u00f1ado que el agua es crucial, ha jugado un papel importante siendo una de las medidas m\u00e1s eficientes para evitar el contagio: el lavado constante de manos, la desinfecci\u00f3n de la ropa que usamos d\u00eda a d\u00eda y el de nuestros hogares asegurando permanecer en una zona segura.<\/p>\n<p><img loading=\"lazy\" decoding=\"async\" class=\"aligncenter size-full wp-image-8253\" src=\"https:\/\/ecosistemas.com.gt\/wp-content\/uploads\/2021\/09\/Agua04.jpg\" alt=\"\" width=\"800\" height=\"400\" srcset=\"https:\/\/ecosistemas.com.gt\/wp-content\/uploads\/2021\/09\/Agua04.jpg 800w, https:\/\/ecosistemas.com.gt\/wp-content\/uploads\/2021\/09\/Agua04-768x384.jpg 768w, https:\/\/ecosistemas.com.gt\/wp-content\/uploads\/2021\/09\/Agua04-585x293.jpg 585w, https:\/\/ecosistemas.com.gt\/wp-content\/uploads\/2021\/09\/Agua04-100x50.jpg 100w\" sizes=\"auto, (max-width: 800px) 100vw, 800px\" \/><\/p>\n<p style=\"text-align: justify\">Existe una variedad de infograf\u00edas que de forma amigable nos demuestran que con peque\u00f1os cambios podemos utilizar este recurso vital de una mejor manera. Adem\u00e1s, hay plataformas virtuales como la aplicaci\u00f3n Aworld de la campa\u00f1a \u201cAct\u00faa ahora\u201d de Naciones Unidas. En esta comparten consejos para la mejora del medio ambiente con los objetivos mundiales para el desarrollo sostenible del planeta. De forma din\u00e1mica, puedes seleccionar nuevos h\u00e1bitos y aprender que logros se obtiene con cada buena acci\u00f3n.<\/p>\n<p style=\"text-align: justify\">Contribuyamos a reducir el cambio clim\u00e1tico y as\u00ed tener un estilo de vida m\u00e1s respetuoso para nuestro planeta y principalmente Cuidemos el agua, para no quedarnos sin ella.<\/p>\n<blockquote>\n<p align=\"center\">T\u00fa debes ser el cambio que deseas ver en el mundo.<\/p>\n<p align=\"center\"><strong>Mahatma Gandhi<\/strong><\/p>\n<\/blockquote>\n<p><strong>Referencias:<\/strong><\/p>\n<ol>\n<li>Diario La Hora, Ana Lucia Gonz\u00e1lez 22 de marzo 2021, Guatemala<\/li>\n<\/ol>\n<hr \/>\n<p>Este art\u00edculo fue publicado en la revista de RELABSA<\/p>\n","protected":false},"excerpt":{"rendered":"<p>Ana Lucia Argueta Samayoa Laboratorio Ecosistemas Proyectos Ambientales. Recientemente me enter\u00e9 de un pozo de agua que de pronto, dej\u00f3 de funcionar: la bomba sumergible se quem\u00f3. Al indagar, los expertos, nos dicen que el nivel de agua baj\u00f3 y ello provoc\u00f3 la falla. Nos informaron que el pozo fue perforado hace unos 15 a\u00f1os, [&hellip;]<\/p>\n","protected":false},"author":2,"featured_media":8247,"comment_status":"open","ping_status":"open","sticky":false,"template":"","format":"standard","meta":{"footnotes":""},"categories":[65],"tags":[],"class_list":["post-8259","post","type-post","status-publish","format-standard","has-post-thumbnail","hentry","category-e-blog"],"aioseo_notices":[],"_links":{"self":[{"href":"https:\/\/ecosistemas.com.gt\/en\/wp-json\/wp\/v2\/posts\/8259","targetHints":{"allow":["GET"]}}],"collection":[{"href":"https:\/\/ecosistemas.com.gt\/en\/wp-json\/wp\/v2\/posts"}],"about":[{"href":"https:\/\/ecosistemas.com.gt\/en\/wp-json\/wp\/v2\/types\/post"}],"author":[{"embeddable":true,"href":"https:\/\/ecosistemas.com.gt\/en\/wp-json\/wp\/v2\/users\/2"}],"replies":[{"embeddable":true,"href":"https:\/\/ecosistemas.com.gt\/en\/wp-json\/wp\/v2\/comments?post=8259"}],"version-history":[{"count":2,"href":"https:\/\/ecosistemas.com.gt\/en\/wp-json\/wp\/v2\/posts\/8259\/revisions"}],"predecessor-version":[{"id":8307,"href":"https:\/\/ecosistemas.com.gt\/en\/wp-json\/wp\/v2\/posts\/8259\/revisions\/8307"}],"wp:featuredmedia":[{"embeddable":true,"href":"https:\/\/ecosistemas.com.gt\/en\/wp-json\/wp\/v2\/media\/8247"}],"wp:attachment":[{"href":"https:\/\/ecosistemas.com.gt\/en\/wp-json\/wp\/v2\/media?parent=8259"}],"wp:term":[{"taxonomy":"category","embeddable":true,"href":"https:\/\/ecosistemas.com.gt\/en\/wp-json\/wp\/v2\/categories?post=8259"},{"taxonomy":"post_tag","embeddable":true,"href":"https:\/\/ecosistemas.com.gt\/en\/wp-json\/wp\/v2\/tags?post=8259"}],"curies":[{"name":"wp","href":"https:\/\/api.w.org\/{rel}","templated":true}]}}